{"id":7066,"date":"2024-04-10T10:13:57","date_gmt":"2024-04-10T13:13:57","guid":{"rendered":"https:\/\/wiki.accessbrasil.net.br\/?p=7066"},"modified":"2024-04-10T10:15:48","modified_gmt":"2024-04-10T13:15:48","slug":"webathena-regime-letivo","status":"publish","type":"post","link":"https:\/\/wiki.accessbrasil.net.br\/index.php\/2024\/04\/10\/webathena-regime-letivo\/","title":{"rendered":"WebAthena &#8211; Regime Letivo"},"content":{"rendered":"\n<p>Acad\u00eamico\u00a0>\u00a0Escolar &#8211; Secretaria\u00a0 > \u00a0Di\u00e1rio de Classe\u00a0 > \u00a0Regime Letivo<\/p>\n\n\n\n<p>Esse manual tem como objetivo auxiliar o usu\u00e1rio no gerencialmente do seu regime letivo.<\/p>\n\n\n\n<p>O regime letivo \u00e9 a organiza\u00e7\u00e3o do calend\u00e1rio escolar, definindo o in\u00edcio, t\u00e9rmino de cada divis\u00e3o, bem como os per\u00edodos de f\u00e9rias e dias excepcionais.<\/p>\n\n\n\n<p><strong>Procedimentos<\/strong><\/p>\n\n\n\n<p>Para gerenciar um regime letivo o primeiro passo \u00e9 informar o &#8220;Ano&#8221; e &#8220;N\u00edvel&#8221; e em seguida clicar em &#8220;Listar&#8221;.<\/p>\n\n\n\n<div class=\"wp-block-image\"><figure class=\"aligncenter size-full\"><img loading=\"lazy\" width=\"456\" height=\"88\" src=\"https:\/\/wiki.accessbrasil.net.br\/wp-content\/uploads\/2024\/04\/image-e1712752681760.png\" alt=\"Bot\u00e3o de &quot;Listar&quot; em destaque.\" class=\"wp-image-7067\" srcset=\"https:\/\/wiki.accessbrasil.net.br\/wp-content\/uploads\/2024\/04\/image-e1712752681760.png 456w, https:\/\/wiki.accessbrasil.net.br\/wp-content\/uploads\/2024\/04\/image-e1712752681760-300x58.png 300w, https:\/\/wiki.accessbrasil.net.br\/wp-content\/uploads\/2024\/04\/image-e1712752681760-150x29.png 150w\" sizes=\"(max-width: 456px) 100vw, 456px\" \/><figcaption>Bot\u00e3o de &#8220;Listar&#8221; em destaque.<\/figcaption><\/figure><\/div>\n\n\n\n<blockquote class=\"wp-block-quote\"><p><strong>Em seguida<\/strong>, voc\u00ea ver\u00e1 o seguinte painel. Se voc\u00ea j\u00e1 configurou o regime letivo para o <strong>ano<\/strong> e <strong>n\u00edvel<\/strong> selecionados, as configura\u00e7\u00f5es ser\u00e3o preenchidas automaticamente.<\/p><\/blockquote>\n\n\n\n<div class=\"wp-block-image\"><figure class=\"aligncenter size-full is-resized\"><img loading=\"lazy\" src=\"https:\/\/wiki.accessbrasil.net.br\/wp-content\/uploads\/2024\/04\/image-1-e1712752974862.png\" alt=\"Painel de configura\u00e7\u00e3o de regime letivo.\" class=\"wp-image-7068\" width=\"674\" height=\"468\" srcset=\"https:\/\/wiki.accessbrasil.net.br\/wp-content\/uploads\/2024\/04\/image-1-e1712752974862.png 903w, https:\/\/wiki.accessbrasil.net.br\/wp-content\/uploads\/2024\/04\/image-1-e1712752974862-300x208.png 300w, https:\/\/wiki.accessbrasil.net.br\/wp-content\/uploads\/2024\/04\/image-1-e1712752974862-768x533.png 768w, https:\/\/wiki.accessbrasil.net.br\/wp-content\/uploads\/2024\/04\/image-1-e1712752974862-150x104.png 150w\" sizes=\"(max-width: 674px) 100vw, 674px\" \/><figcaption>Painel de configura\u00e7\u00e3o de regime letivo.<\/figcaption><\/figure><\/div>\n\n\n\n<p>Como pode ver na imagem acima o formulario de cofigura\u00e7\u00e3o \u00e9 separado em 4 partes.<\/p>\n\n\n\n<p>Tipo de regime: Informe qual regime letivo deve ser utilizado, sendo eles Bimestral (4 divis\u00f5es), Trimestral (3 divis\u00f5es) e Semestral (2 divis\u00f5es).<\/p>\n\n\n\n<div class=\"wp-block-image\"><figure class=\"aligncenter size-full is-resized\"><img loading=\"lazy\" src=\"https:\/\/wiki.accessbrasil.net.br\/wp-content\/uploads\/2024\/04\/image-2-e1712753322637.png\" alt=\"Tipos de regimes (Bimestral,  Trimestral e  Semestral)\" class=\"wp-image-7069\" width=\"379\" height=\"52\" srcset=\"https:\/\/wiki.accessbrasil.net.br\/wp-content\/uploads\/2024\/04\/image-2-e1712753322637.png 348w, https:\/\/wiki.accessbrasil.net.br\/wp-content\/uploads\/2024\/04\/image-2-e1712753322637-300x41.png 300w, https:\/\/wiki.accessbrasil.net.br\/wp-content\/uploads\/2024\/04\/image-2-e1712753322637-150x21.png 150w\" sizes=\"(max-width: 379px) 100vw, 379px\" \/><figcaption>Tipos de regimes (Bimestral,  Trimestral e  Semestral)<\/figcaption><\/figure><\/div>\n\n\n\n<p>Em seguida voc\u00ea deve informar o per\u00edodo de cada um das divis\u00f5es de acordo do o tipo de regime selecionado anteriormente.<\/p>\n\n\n\n<div class=\"wp-block-image\"><figure class=\"aligncenter size-large\"><img src=\"https:\/\/wiki.accessbrasil.net.br\/wp-content\/uploads\/2024\/04\/image-5-e1712754217755.png\" alt=\"\"\/><figcaption>Painel de gerenciamento de divis\u00f5es e f\u00e9rias.<\/figcaption><\/figure><\/div>\n\n\n\n<p>Ap\u00f3s informar todos os campos acima clique em &#8220;Salvar&#8221; para gravar as configura\u00e7\u00f5es do regime.<\/p>\n\n\n\n<div class=\"wp-block-image\"><figure class=\"aligncenter size-full is-resized\"><img loading=\"lazy\" src=\"https:\/\/wiki.accessbrasil.net.br\/wp-content\/uploads\/2024\/04\/image-6-e1712754327802.png\" alt=\"\" class=\"wp-image-7073\" width=\"132\" height=\"71\"\/><figcaption>Bot\u00e3o de &#8220;Salvar&#8221;<\/figcaption><\/figure><\/div>\n\n\n\n<p> <\/p>\n","protected":false},"excerpt":{"rendered":"<p>Acad\u00eamico\u00a0>\u00a0Escolar &#8211; Secretaria\u00a0 > \u00a0Di\u00e1rio de Classe\u00a0 > \u00a0Regime Letivo Esse manual tem como objetivo auxiliar o usu\u00e1rio no gerencialmente do seu regime letivo. O regime letivo \u00e9 a organiza\u00e7\u00e3o do calend\u00e1rio escolar, definindo o in\u00edcio, t\u00e9rmino de cada divis\u00e3o, bem como os per\u00edodos de f\u00e9rias e dias excepcionais. Procedimentos Para gerenciar um regime letivo ..<\/p>\n<div class=\"clear-fix\"><\/div>\n<p><a href=\"https:\/\/wiki.accessbrasil.net.br\/index.php\/2024\/04\/10\/webathena-regime-letivo\/\" title=\"leia mais...\">Leia mais<\/a><\/p>\n","protected":false},"author":42,"featured_media":0,"comment_status":"closed","ping_status":"closed","sticky":false,"template":"","format":"standard","meta":[],"categories":[6,1,13],"tags":[70,14,74,81],"_links":{"self":[{"href":"https:\/\/wiki.accessbrasil.net.br\/index.php\/wp-json\/wp\/v2\/posts\/7066"}],"collection":[{"href":"https:\/\/wiki.accessbrasil.net.br\/index.php\/wp-json\/wp\/v2\/posts"}],"about":[{"href":"https:\/\/wiki.accessbrasil.net.br\/index.php\/wp-json\/wp\/v2\/types\/post"}],"author":[{"embeddable":true,"href":"https:\/\/wiki.accessbrasil.net.br\/index.php\/wp-json\/wp\/v2\/users\/42"}],"replies":[{"embeddable":true,"href":"https:\/\/wiki.accessbrasil.net.br\/index.php\/wp-json\/wp\/v2\/comments?post=7066"}],"version-history":[{"count":3,"href":"https:\/\/wiki.accessbrasil.net.br\/index.php\/wp-json\/wp\/v2\/posts\/7066\/revisions"}],"predecessor-version":[{"id":7077,"href":"https:\/\/wiki.accessbrasil.net.br\/index.php\/wp-json\/wp\/v2\/posts\/7066\/revisions\/7077"}],"wp:attachment":[{"href":"https:\/\/wiki.accessbrasil.net.br\/index.php\/wp-json\/wp\/v2\/media?parent=7066"}],"wp:term":[{"taxonomy":"category","embeddable":true,"href":"https:\/\/wiki.accessbrasil.net.br\/index.php\/wp-json\/wp\/v2\/categories?post=7066"},{"taxonomy":"post_tag","embeddable":true,"href":"https:\/\/wiki.accessbrasil.net.br\/index.php\/wp-json\/wp\/v2\/tags?post=7066"}],"curies":[{"name":"wp","href":"https:\/\/api.w.org\/{rel}","templated":true}]}}